{"id":35,"date":"2008-03-03T13:58:55","date_gmt":"2008-03-03T12:58:55","guid":{"rendered":"http:\/\/selenite-cm.fr\/blog\/?p=35"},"modified":"2019-08-11T19:11:04","modified_gmt":"2019-08-11T17:11:04","slug":"2008-master-recherche-geobiosphere-option-environnement-et-climatologie","status":"publish","type":"post","link":"http:\/\/cecile-musy.fr\/pro\/2008\/03\/03\/2008-master-recherche-geobiosphere-option-environnement-et-climatologie\/","title":{"rendered":"2008 : Master recherche \u00ab G\u00e9obiosph\u00e8re \u00bb option Environnement et Climatologie"},"content":{"rendered":"<p>Mention Bien, 2\u00e8me\/15, Universit\u00e9 de Bourgogne<\/p>\n<p><em>Climatologie, science du sol, \u00e9cologie, d\u00e9pollution, physique, chimie, droit, \u00e9conomie, anglais<\/em><\/p>\n","protected":false},"excerpt":{"rendered":"<p>Mention Bien, 2\u00e8me\/15, Universit\u00e9 de Bourgogne Climatologie, science du sol, \u00e9cologie, d\u00e9pollution, physique, chimie, droit, \u00e9conomie, anglais<\/p>\n","protected":false},"author":1,"featured_media":490,"comment_status":"closed","ping_status":"closed","sticky":false,"template":"","format":"standard","meta":[],"categories":[4],"tags":[8,17,22,23,24],"_links":{"self":[{"href":"http:\/\/cecile-musy.fr\/pro\/wp-json\/wp\/v2\/posts\/35"}],"collection":[{"href":"http:\/\/cecile-musy.fr\/pro\/wp-json\/wp\/v2\/posts"}],"about":[{"href":"http:\/\/cecile-musy.fr\/pro\/wp-json\/wp\/v2\/types\/post"}],"author":[{"embeddable":true,"href":"http:\/\/cecile-musy.fr\/pro\/wp-json\/wp\/v2\/users\/1"}],"replies":[{"embeddable":true,"href":"http:\/\/cecile-musy.fr\/pro\/wp-json\/wp\/v2\/comments?post=35"}],"version-history":[{"count":1,"href":"http:\/\/cecile-musy.fr\/pro\/wp-json\/wp\/v2\/posts\/35\/revisions"}],"predecessor-version":[{"id":519,"href":"http:\/\/cecile-musy.fr\/pro\/wp-json\/wp\/v2\/posts\/35\/revisions\/519"}],"wp:featuredmedia":[{"embeddable":true,"href":"http:\/\/cecile-musy.fr\/pro\/wp-json\/wp\/v2\/media\/490"}],"wp:attachment":[{"href":"http:\/\/cecile-musy.fr\/pro\/wp-json\/wp\/v2\/media?parent=35"}],"wp:term":[{"taxonomy":"category","embeddable":true,"href":"http:\/\/cecile-musy.fr\/pro\/wp-json\/wp\/v2\/categories?post=35"},{"taxonomy":"post_tag","embeddable":true,"href":"http:\/\/cecile-musy.fr\/pro\/wp-json\/wp\/v2\/tags?post=35"}],"curies":[{"name":"wp","href":"https:\/\/api.w.org\/{rel}","templated":true}]}}