{"id":6,"date":"2012-03-03T13:35:07","date_gmt":"2012-03-03T12:35:07","guid":{"rendered":"http:\/\/selenite-cm.fr\/blog\/?p=6"},"modified":"2019-08-11T19:21:05","modified_gmt":"2019-08-11T17:21:05","slug":"fevrier-a-octobre-2012-animatrice-et-chargee-de-communication-au-musee-de-la-blanchisserie-craponne-69","status":"publish","type":"post","link":"http:\/\/cecile-musy.fr\/pro\/2012\/03\/03\/fevrier-a-octobre-2012-animatrice-et-chargee-de-communication-au-musee-de-la-blanchisserie-craponne-69\/","title":{"rendered":"Animatrice et charg\u00e9e de communication"},"content":{"rendered":"<p><em>Mus\u00e9e de la Blanchisserie (Craponne &#8211; 69)<\/em><\/p>\n<p><em>F\u00e9vrier \u00e0 octobre 2012<\/em><\/p>\n<p>&nbsp;<\/p>\n<ul>\n<li>Am\u00e9lioration de la communication g\u00e9n\u00e9rale : mise en place d\u2019une charte graphique, refonte de la <a href=\"http:\/\/www.selenite-cm.fr\/docs\/plaquette-musee-blanchi.pdf\"> plaquette du mus\u00e9e<\/a><\/li>\n<li>Gestion de la communication : cr\u00e9ation des documents, mises \u00e0 jour du <a href=\"http:\/\/www.grehc.fr\">site internet<\/a>, relations presse<\/li>\n<li>Animation du mus\u00e9e : organisation de manifestations, r\u00e9alisation d\u2019expositions temporaires, visites guid\u00e9es<\/li>\n<\/ul>\n","protected":false},"excerpt":{"rendered":"<p>Mus\u00e9e de la Blanchisserie (Craponne &#8211; 69) F\u00e9vrier \u00e0 octobre 2012 &nbsp; Am\u00e9lioration de la communication g\u00e9n\u00e9rale : mise en place d\u2019une charte graphique, refonte de la plaquette du mus\u00e9e Gestion de la communication : cr\u00e9ation des documents, mises \u00e0 jour du site internet, relations presse Animation du mus\u00e9e : organisation de manifestations, r\u00e9alisation d\u2019expositions [&hellip;]<\/p>\n","protected":false},"author":1,"featured_media":486,"comment_status":"closed","ping_status":"closed","sticky":false,"template":"","format":"standard","meta":[],"categories":[3],"tags":[9,12,17,20],"_links":{"self":[{"href":"http:\/\/cecile-musy.fr\/pro\/wp-json\/wp\/v2\/posts\/6"}],"collection":[{"href":"http:\/\/cecile-musy.fr\/pro\/wp-json\/wp\/v2\/posts"}],"about":[{"href":"http:\/\/cecile-musy.fr\/pro\/wp-json\/wp\/v2\/types\/post"}],"author":[{"embeddable":true,"href":"http:\/\/cecile-musy.fr\/pro\/wp-json\/wp\/v2\/users\/1"}],"replies":[{"embeddable":true,"href":"http:\/\/cecile-musy.fr\/pro\/wp-json\/wp\/v2\/comments?post=6"}],"version-history":[{"count":1,"href":"http:\/\/cecile-musy.fr\/pro\/wp-json\/wp\/v2\/posts\/6\/revisions"}],"predecessor-version":[{"id":529,"href":"http:\/\/cecile-musy.fr\/pro\/wp-json\/wp\/v2\/posts\/6\/revisions\/529"}],"wp:featuredmedia":[{"embeddable":true,"href":"http:\/\/cecile-musy.fr\/pro\/wp-json\/wp\/v2\/media\/486"}],"wp:attachment":[{"href":"http:\/\/cecile-musy.fr\/pro\/wp-json\/wp\/v2\/media?parent=6"}],"wp:term":[{"taxonomy":"category","embeddable":true,"href":"http:\/\/cecile-musy.fr\/pro\/wp-json\/wp\/v2\/categories?post=6"},{"taxonomy":"post_tag","embeddable":true,"href":"http:\/\/cecile-musy.fr\/pro\/wp-json\/wp\/v2\/tags?post=6"}],"curies":[{"name":"wp","href":"https:\/\/api.w.org\/{rel}","templated":true}]}}